{"id":4796,"date":"2025-11-03T20:28:03","date_gmt":"2025-11-03T20:28:03","guid":{"rendered":"https:\/\/kyminnikkarit.fi\/?p=4796"},"modified":"2025-11-03T20:29:54","modified_gmt":"2025-11-03T20:29:54","slug":"nikkarin-lahjoitus","status":"publish","type":"post","link":"https:\/\/kyminnikkarit.fi\/?p=4796","title":{"rendered":"Nikkarin lahjoitus"},"content":{"rendered":"<p>Juhlavuoden kunniaksi valmistimme Nikkarin kitararyhm\u00e4ss\u00e4 teletyyppisen kitaran n\u00e4yttelyyn. N\u00e4yttelyn j\u00e4lkeen pohdimme kitaran tulevaisuutta. P\u00e4\u00e4dyimme luovuttaa kitaran ns. stipendi kitarana Pohjois-Kymen musiikkiopistolle yhteisty\u00f6ss\u00e4 Kymin Osakeyhti\u00f6n 100-vuotiss\u00e4\u00e4ti\u00f6n kanssa. Kitara oli koesoitossa opistolla kev\u00e4\u00e4ll\u00e4 ja soitin todettiin kaikin puolin sopivaksi soittimeksi.<\/p>\n<p>Virallinen luovutus oli 27.10.2025. Yhdistyksen puolesta totesin, ett\u00e4 kitara on rakennettu pitk\u00e4lti kotimaisesta puusta. Puut on l\u00e4mp\u00f6k\u00e4sitelty soitinrakennukseen sopivalla tavalla. T\u00e4m\u00e4 l\u00e4mp\u00f6k\u00e4sittely prosessi on ollutkin yksi mielenkiitoinen lis\u00e4 kitaran rakennuksen. Kaikki tarvittavat materiaalit on saatu lahjoituksena tekij\u00f6ilt\u00e4. Vuodesta 2020 Nikkarit on pit\u00e4neet rakennuskursseja s\u00e4hk\u00f6kitaroille ja nyt meill\u00e4 on ty\u00f6n alla akustiset kitarat. Ryhm\u00e4 on varsin aktiivinen ja mukana on reilut 30 asiasta kiinnostunutta. T\u00e4ss\u00e4 projektissa on rakentajina olleet Matti J\u00e4rvinen, Jukka Hamari ja Jussi Haapala.<a href=\"https:\/\/kyminnikkarit.fi\/wp-content\/uploads\/2025\/11\/WhatsApp-Image-2025-10-27-at-20.35.02-1.jpeg\"><img loading=\"lazy\" decoding=\"async\" class=\"alignright size-medium wp-image-4800\" src=\"https:\/\/kyminnikkarit.fi\/wp-content\/uploads\/2025\/11\/WhatsApp-Image-2025-10-27-at-20.35.02-1-225x300.jpeg\" alt=\"\" width=\"225\" height=\"300\" srcset=\"https:\/\/kyminnikkarit.fi\/wp-content\/uploads\/2025\/11\/WhatsApp-Image-2025-10-27-at-20.35.02-1-225x300.jpeg 225w, https:\/\/kyminnikkarit.fi\/wp-content\/uploads\/2025\/11\/WhatsApp-Image-2025-10-27-at-20.35.02-1-768x1024.jpeg 768w, https:\/\/kyminnikkarit.fi\/wp-content\/uploads\/2025\/11\/WhatsApp-Image-2025-10-27-at-20.35.02-1-1152x1536.jpeg 1152w, https:\/\/kyminnikkarit.fi\/wp-content\/uploads\/2025\/11\/WhatsApp-Image-2025-10-27-at-20.35.02-1.jpeg 1200w\" sizes=\"auto, (max-width: 225px) 85vw, 225px\" \/><\/a><\/p>\n<p>Soittimen otti vastaan kitaransoitonopettaja Simo Helkala. Koulun rehtori Anne Korpelainen kiitti lahjoituksesta ja sanoi soittimen tulleen tarpeeseen.Kitaransoitto kursseille on nyky\u00e4\u00e4n paljon hakijoita ja aina ei oppilailla ole mahdollisuutta hankkia omaa soitinta. S\u00e4\u00e4ti\u00f6n varapuheenjohtaja Kati T\u00e4hti kertoi t\u00e4m\u00e4n muotoisen yhteisty\u00f6n olevan s\u00e4\u00e4ti\u00f6n mieleen, joka palvelee niin antajaa, sek\u00e4 saajaa.<\/p>\n<p>&nbsp;<\/p>\n<p><a href=\"https:\/\/kyminnikkarit.fi\/wp-content\/uploads\/2025\/11\/WhatsApp-Image-2025-10-27-at-20.50.14.jpeg\"><img loading=\"lazy\" decoding=\"async\" class=\"aligncenter size-large wp-image-4799\" src=\"https:\/\/kyminnikkarit.fi\/wp-content\/uploads\/2025\/11\/WhatsApp-Image-2025-10-27-at-20.50.14-1024x539.jpeg\" alt=\"\" width=\"584\" height=\"307\" srcset=\"https:\/\/kyminnikkarit.fi\/wp-content\/uploads\/2025\/11\/WhatsApp-Image-2025-10-27-at-20.50.14-1024x539.jpeg 1024w, https:\/\/kyminnikkarit.fi\/wp-content\/uploads\/2025\/11\/WhatsApp-Image-2025-10-27-at-20.50.14-300x158.jpeg 300w, https:\/\/kyminnikkarit.fi\/wp-content\/uploads\/2025\/11\/WhatsApp-Image-2025-10-27-at-20.50.14-768x404.jpeg 768w, https:\/\/kyminnikkarit.fi\/wp-content\/uploads\/2025\/11\/WhatsApp-Image-2025-10-27-at-20.50.14-1536x808.jpeg 1536w, https:\/\/kyminnikkarit.fi\/wp-content\/uploads\/2025\/11\/WhatsApp-Image-2025-10-27-at-20.50.14-500x263.jpeg 500w, https:\/\/kyminnikkarit.fi\/wp-content\/uploads\/2025\/11\/WhatsApp-Image-2025-10-27-at-20.50.14.jpeg 1600w\" sizes=\"auto, (max-width: 584px) 85vw, 584px\" \/><\/a>Vasemmalta Jukka Hamari, Matti J\u00e4rvinen, Simo Helkala, Jussi Haapala, Kati T\u00e4hti ja Anne Korpelainen<\/p>\n<p>&nbsp;<\/p>\n<p>&nbsp;<\/p>\n<p>&nbsp;<\/p>\n<p>&nbsp;<\/p>\n<p>&nbsp;<\/p>\n","protected":false},"excerpt":{"rendered":"<p>Juhlavuoden kunniaksi valmistimme Nikkarin kitararyhm\u00e4ss\u00e4 teletyyppisen kitaran n\u00e4yttelyyn. N\u00e4yttelyn j\u00e4lkeen pohdimme kitaran tulevaisuutta. P\u00e4\u00e4dyimme luovuttaa kitaran ns. stipendi kitarana Pohjois-Kymen musiikkiopistolle yhteisty\u00f6ss\u00e4 Kymin Osakeyhti\u00f6n 100-vuotiss\u00e4\u00e4ti\u00f6n kanssa. Kitara oli koesoitossa opistolla kev\u00e4\u00e4ll\u00e4 ja soitin todettiin kaikin puolin sopivaksi soittimeksi. Virallinen luovutus oli 27.10.2025. Yhdistyksen puolesta totesin, ett\u00e4 kitara on rakennettu pitk\u00e4lti kotimaisesta puusta. Puut on l\u00e4mp\u00f6k\u00e4sitelty &hellip; <a href=\"https:\/\/kyminnikkarit.fi\/?p=4796\" class=\"more-link\">Jatka lukemista<span class=\"screen-reader-text\"> &#8221;Nikkarin lahjoitus&#8221;<\/span><\/a><\/p>\n","protected":false},"author":1,"featured_media":0,"comment_status":"open","ping_status":"open","sticky":false,"template":"","format":"standard","meta":{"footnotes":""},"categories":[6],"tags":[],"class_list":["post-4796","post","type-post","status-publish","format-standard","hentry","category-jarjestouutiset"],"_links":{"self":[{"href":"https:\/\/kyminnikkarit.fi\/index.php?rest_route=\/wp\/v2\/posts\/4796","targetHints":{"allow":["GET"]}}],"collection":[{"href":"https:\/\/kyminnikkarit.fi\/index.php?rest_route=\/wp\/v2\/posts"}],"about":[{"href":"https:\/\/kyminnikkarit.fi\/index.php?rest_route=\/wp\/v2\/types\/post"}],"author":[{"embeddable":true,"href":"https:\/\/kyminnikkarit.fi\/index.php?rest_route=\/wp\/v2\/users\/1"}],"replies":[{"embeddable":true,"href":"https:\/\/kyminnikkarit.fi\/index.php?rest_route=%2Fwp%2Fv2%2Fcomments&post=4796"}],"version-history":[{"count":3,"href":"https:\/\/kyminnikkarit.fi\/index.php?rest_route=\/wp\/v2\/posts\/4796\/revisions"}],"predecessor-version":[{"id":4803,"href":"https:\/\/kyminnikkarit.fi\/index.php?rest_route=\/wp\/v2\/posts\/4796\/revisions\/4803"}],"wp:attachment":[{"href":"https:\/\/kyminnikkarit.fi\/index.php?rest_route=%2Fwp%2Fv2%2Fmedia&parent=4796"}],"wp:term":[{"taxonomy":"category","embeddable":true,"href":"https:\/\/kyminnikkarit.fi\/index.php?rest_route=%2Fwp%2Fv2%2Fcategories&post=4796"},{"taxonomy":"post_tag","embeddable":true,"href":"https:\/\/kyminnikkarit.fi\/index.php?rest_route=%2Fwp%2Fv2%2Ftags&post=4796"}],"curies":[{"name":"wp","href":"https:\/\/api.w.org\/{rel}","templated":true}]}}