{"id":5116,"date":"2026-09-01T19:37:38","date_gmt":"2026-09-01T19:37:38","guid":{"rendered":"https:\/\/kyminnikkarit.fi\/?p=5116"},"modified":"2026-09-01T19:37:38","modified_gmt":"2026-09-01T19:37:38","slug":"kadentaidot-valloilleen","status":"publish","type":"post","link":"https:\/\/kyminnikkarit.fi\/?p=5116","title":{"rendered":"K\u00e4dentaidot valloilleen"},"content":{"rendered":"\n<p class=\"wp-block-paragraph\">Syyskausi strattaa pian. Pihatapahtumassa 5.9.2026 klo 10-14 ovet on avoinna ja p\u00e4\u00e4set tutustumaan tiloihin ja toimintaan. Kutomo, puupaja ja Nukkis on loihtinut syksyksi paikat kuntoon, hyv\u00e4t materiaalit ja ohjelmat, niin voitte p\u00e4\u00e4st\u00e4\u00e4 k\u00e4dentaidot valloilleen. Nukkiksen toimintaa voit tutustua heid\u00e4n <a href=\"https:\/\/www.facebook.com\/profile.php?id=100063570727639\" target=\"_blank\" rel=\"noreferrer noopener\">omilla sivuillaan<\/a> tai ota yhteytt\u00e4 Marja Kuisma marja.kuisma@outlook.com<\/p>\n\n\n\n<div style=\"height:29px\" aria-hidden=\"true\" class=\"wp-block-spacer\"><\/div>\n\n\n\n<div class=\"wp-block-media-text has-media-on-the-right is-stacked-on-mobile\"><div class=\"wp-block-media-text__content\">\n<p class=\"wp-block-paragraph\">Kutomo toimii varausperiaatteella, eli saat avaimen ja voit k\u00e4yd\u00e4 kutomassa omaan tahtiin. Kutomon varauksi hoitaa toistaiseksi Marketta Taiponen 044 594 7269.<\/p>\n\n\n\n<p class=\"wp-block-paragraph\">Kev\u00e4\u00e4ll\u00e4 alkanut kurssitoiminta saa jatkoa ja yhteisty\u00f6t\u00e4 <a href=\"https:\/\/kankaankutojanmallisto.yhdistysavain.fi\/\" target=\"_blank\" rel=\"noreferrer noopener\">Kankaankutojan malliston <\/a>kanssa jatketaan. T\u00e4st\u00e4 pian lis\u00e4\u00e4<\/p>\n\n\n\n<p class=\"wp-block-paragraph\">Kutomolla on nyt ensikertaa p\u00f6yt\u00e4liina puissa. Marjatta Hirvi on luonut loimen mukaillen &#8221; Tennesseen kukka &#8221;  liinasta.<\/p>\n<\/div><figure class=\"wp-block-media-text__media\"><a href=\"https:\/\/kyminnikkarit.fi\/wp-content\/uploads\/2026\/08\/IMG_3234-scaled.jpeg\"><img loading=\"lazy\" decoding=\"async\" width=\"768\" height=\"1024\" src=\"https:\/\/kyminnikkarit.fi\/wp-content\/uploads\/2026\/08\/IMG_3234-768x1024.jpeg\" alt=\"\" class=\"wp-image-5118 size-full\" srcset=\"https:\/\/kyminnikkarit.fi\/wp-content\/uploads\/2026\/08\/IMG_3234-768x1024.jpeg 768w, https:\/\/kyminnikkarit.fi\/wp-content\/uploads\/2026\/08\/IMG_3234-225x300.jpeg 225w, https:\/\/kyminnikkarit.fi\/wp-content\/uploads\/2026\/08\/IMG_3234-1152x1536.jpeg 1152w, https:\/\/kyminnikkarit.fi\/wp-content\/uploads\/2026\/08\/IMG_3234-1536x2048.jpeg 1536w, https:\/\/kyminnikkarit.fi\/wp-content\/uploads\/2026\/08\/IMG_3234-1200x1600.jpeg 1200w, https:\/\/kyminnikkarit.fi\/wp-content\/uploads\/2026\/08\/IMG_3234-scaled.jpeg 1920w\" sizes=\"auto, (max-width: 709px) 85vw, (max-width: 909px) 67vw, (max-width: 984px) 61vw, (max-width: 1362px) 45vw, 600px\" \/><\/a><\/figure><\/div>\n\n\n\n<div style=\"height:30px\" aria-hidden=\"true\" class=\"wp-block-spacer\"><\/div>\n\n\n\n<div class=\"wp-block-media-text is-stacked-on-mobile\"><figure class=\"wp-block-media-text__media\"><a href=\"https:\/\/kyminnikkarit.fi\/wp-content\/uploads\/2026\/08\/IMG_3239-scaled.jpeg\"><img loading=\"lazy\" decoding=\"async\" width=\"768\" height=\"1024\" src=\"https:\/\/kyminnikkarit.fi\/wp-content\/uploads\/2026\/08\/IMG_3239-768x1024.jpeg\" alt=\"\" class=\"wp-image-5119 size-full\" srcset=\"https:\/\/kyminnikkarit.fi\/wp-content\/uploads\/2026\/08\/IMG_3239-768x1024.jpeg 768w, https:\/\/kyminnikkarit.fi\/wp-content\/uploads\/2026\/08\/IMG_3239-225x300.jpeg 225w, https:\/\/kyminnikkarit.fi\/wp-content\/uploads\/2026\/08\/IMG_3239-1152x1536.jpeg 1152w, https:\/\/kyminnikkarit.fi\/wp-content\/uploads\/2026\/08\/IMG_3239-1536x2048.jpeg 1536w, https:\/\/kyminnikkarit.fi\/wp-content\/uploads\/2026\/08\/IMG_3239-1200x1600.jpeg 1200w, https:\/\/kyminnikkarit.fi\/wp-content\/uploads\/2026\/08\/IMG_3239-scaled.jpeg 1920w\" sizes=\"auto, (max-width: 709px) 85vw, (max-width: 909px) 67vw, (max-width: 984px) 61vw, (max-width: 1362px) 45vw, 600px\" \/><\/a><\/figure><div class=\"wp-block-media-text__content\">\n<p class=\"wp-block-paragraph\">Puupajan varastoja on t\u00e4ydennetty ja tarjolla on nyt todella laadukasta koivua ja m\u00e4nty\u00e4. Pieni\u00e4 eri\u00e4 on tammea, saarnea, tervalepp\u00e4\u00e4 ja vaahteraa sek\u00e4 visaa. Soitinpuita l\u00f6ytyy my\u00f6s, kuusta, tervalepp\u00e4\u00e4, vaahteraa jonkin verran.<\/p>\n\n\n\n<p class=\"wp-block-paragraph\">Aukioloissa on palattu entiseen ma -to. Aukiolot l\u00f6yd\u00e4t <a href=\"https:\/\/kyminnikkarit.fi\/?page_id=625\" target=\"_blank\" rel=\"noreferrer noopener\">kotisivuilta.<\/a><\/p>\n\n\n\n<p class=\"wp-block-paragraph\">Syksyn aikan tulemme j\u00e4rjest\u00e4m\u00e4\u00e4n muutamia &#8221; Teema iltoja &#8221; , aiheet tarkentuu  my\u00f6hemmin.<\/p>\n<\/div><\/div>\n\n\n\n<div style=\"height:28px\" aria-hidden=\"true\" class=\"wp-block-spacer\"><\/div>\n\n\n\n<div class=\"wp-block-media-text has-media-on-the-right is-stacked-on-mobile\"><div class=\"wp-block-media-text__content\">\n<p class=\"wp-block-paragraph\">Soitinrakennus on kiinnostanut jo useamman vuoden. Pajalla on syntynyt kitaroita, jouhikko, kantele mm. ja nyt ty\u00f6n alla on viulu.<\/p>\n\n\n\n<p class=\"wp-block-paragraph\">Myllykoskelaisen viulunrakentajan Lasse Linderin j\u00e4\u00e4mist\u00f6st\u00e4 olemme saaneet monipuolista materiaalia viulunrakentamiseen. Usean suomalaisen viulunrakentajan oppikirjoja ja piirrustuksia on nyt k\u00e4yt\u00f6ss\u00e4 sek\u00e4 pari ulkomaista mm &#8221;Strarivaariuksen salat &#8221; <\/p>\n\n\n\n<p class=\"wp-block-paragraph\">Varsin tuhti paketti l\u00f6ytyy my\u00f6s s\u00e4hk\u00f6kitaran sek\u00e4 akustisen rakentamiseen. <\/p>\n\n\n\n<p class=\"wp-block-paragraph\">Erikoisty\u00f6kalujen valikoima meill\u00e4 alkaa olemaan melko mittava ja meill\u00e4 on hyv\u00e4 yhteishenki, joten apua on aina saatavissa.<\/p>\n<\/div><figure class=\"wp-block-media-text__media\"><a href=\"https:\/\/kyminnikkarit.fi\/wp-content\/uploads\/2026\/08\/IMG_3237-1-scaled.jpeg\"><img loading=\"lazy\" decoding=\"async\" width=\"768\" height=\"1024\" src=\"https:\/\/kyminnikkarit.fi\/wp-content\/uploads\/2026\/08\/IMG_3237-1-768x1024.jpeg\" alt=\"\" class=\"wp-image-5120 size-full\" srcset=\"https:\/\/kyminnikkarit.fi\/wp-content\/uploads\/2026\/08\/IMG_3237-1-768x1024.jpeg 768w, https:\/\/kyminnikkarit.fi\/wp-content\/uploads\/2026\/08\/IMG_3237-1-225x300.jpeg 225w, https:\/\/kyminnikkarit.fi\/wp-content\/uploads\/2026\/08\/IMG_3237-1-1152x1536.jpeg 1152w, https:\/\/kyminnikkarit.fi\/wp-content\/uploads\/2026\/08\/IMG_3237-1-1536x2048.jpeg 1536w, https:\/\/kyminnikkarit.fi\/wp-content\/uploads\/2026\/08\/IMG_3237-1-1200x1600.jpeg 1200w, https:\/\/kyminnikkarit.fi\/wp-content\/uploads\/2026\/08\/IMG_3237-1-scaled.jpeg 1920w\" sizes=\"auto, (max-width: 709px) 85vw, (max-width: 909px) 67vw, (max-width: 984px) 61vw, (max-width: 1362px) 45vw, 600px\" \/><\/a><\/figure><\/div>\n\n\n\n<div style=\"height:47px\" aria-hidden=\"true\" class=\"wp-block-spacer\"><\/div>\n\n\n\n<p class=\"has-text-align-center has-medium-font-size wp-block-paragraph\"><strong>K\u00e4dentaidot kehitt\u00e4\u00e4 luovuutta, rentouttaa, n\u00e4et ty\u00f6n j\u00e4ljen, osaat tehd\u00e4 itse ja ryhm\u00e4ss\u00e4 se on mukava sosiaalinen tapahtuma.  Tule mukaan k\u00e4dentaitojen pariin.<\/strong><\/p>\n\n\n\n<p class=\"wp-block-paragraph\"><\/p>\n","protected":false},"excerpt":{"rendered":"<p>Syyskausi strattaa pian. Pihatapahtumassa 5.9.2026 klo 10-14 ovet on avoinna ja p\u00e4\u00e4set tutustumaan tiloihin ja toimintaan. Kutomo, puupaja ja Nukkis on loihtinut syksyksi paikat kuntoon, hyv\u00e4t materiaalit ja ohjelmat, niin voitte p\u00e4\u00e4st\u00e4\u00e4 k\u00e4dentaidot valloilleen. Nukkiksen toimintaa voit tutustua heid\u00e4n omilla sivuillaan tai ota yhteytt\u00e4 Marja Kuisma marja.kuisma@outlook.com Kutomo toimii varausperiaatteella, eli saat avaimen ja voit &hellip; <a href=\"https:\/\/kyminnikkarit.fi\/?p=5116\" class=\"more-link\">Jatka lukemista<span class=\"screen-reader-text\"> &#8221;K\u00e4dentaidot valloilleen&#8221;<\/span><\/a><\/p>\n","protected":false},"author":1,"featured_media":0,"comment_status":"open","ping_status":"open","sticky":false,"template":"","format":"standard","meta":{"footnotes":""},"categories":[6],"tags":[],"class_list":["post-5116","post","type-post","status-publish","format-standard","hentry","category-jarjestouutiset"],"_links":{"self":[{"href":"https:\/\/kyminnikkarit.fi\/index.php?rest_route=\/wp\/v2\/posts\/5116","targetHints":{"allow":["GET"]}}],"collection":[{"href":"https:\/\/kyminnikkarit.fi\/index.php?rest_route=\/wp\/v2\/posts"}],"about":[{"href":"https:\/\/kyminnikkarit.fi\/index.php?rest_route=\/wp\/v2\/types\/post"}],"author":[{"embeddable":true,"href":"https:\/\/kyminnikkarit.fi\/index.php?rest_route=\/wp\/v2\/users\/1"}],"replies":[{"embeddable":true,"href":"https:\/\/kyminnikkarit.fi\/index.php?rest_route=%2Fwp%2Fv2%2Fcomments&post=5116"}],"version-history":[{"count":3,"href":"https:\/\/kyminnikkarit.fi\/index.php?rest_route=\/wp\/v2\/posts\/5116\/revisions"}],"predecessor-version":[{"id":5123,"href":"https:\/\/kyminnikkarit.fi\/index.php?rest_route=\/wp\/v2\/posts\/5116\/revisions\/5123"}],"wp:attachment":[{"href":"https:\/\/kyminnikkarit.fi\/index.php?rest_route=%2Fwp%2Fv2%2Fmedia&parent=5116"}],"wp:term":[{"taxonomy":"category","embeddable":true,"href":"https:\/\/kyminnikkarit.fi\/index.php?rest_route=%2Fwp%2Fv2%2Fcategories&post=5116"},{"taxonomy":"post_tag","embeddable":true,"href":"https:\/\/kyminnikkarit.fi\/index.php?rest_route=%2Fwp%2Fv2%2Ftags&post=5116"}],"curies":[{"name":"wp","href":"https:\/\/api.w.org\/{rel}","templated":true}]}}